{"id":271,"date":"2022-05-22T16:27:07","date_gmt":"2022-05-22T16:27:07","guid":{"rendered":"https:\/\/www.mayapalace.mx\/blog\/2022\/05\/22\/cambio-de-escenario-para-la-puja-de-precios\/"},"modified":"2022-05-22T16:27:07","modified_gmt":"2022-05-22T16:27:07","slug":"cambio-de-escenario-para-la-puja-de-precios","status":"publish","type":"post","link":"https:\/\/www.mayapalace.mx\/blog\/noticias\/cambio-de-escenario-para-la-puja-de-precios\/","title":{"rendered":"Cambio de escenario para la puja de precios"},"content":{"rendered":"<p>Casino <\/p>\n<div>\n<div>\n<h4>Los 4 objetivos de Mart&iacute;n Guzm&aacute;n<\/h4>\n<h3>Las nuevas apuestas del Gobierno para poner un freno al precio de los alimentos. El plan para el agro, los planes de Econom&iacute;a para 2022 y lo que se espera de la Secretar&iacute;a de Feletti. Los formadores de precios en la mira y la b&uacute;squeda de nuevas herramientas para controlarlos.<\/h3>\n<\/div>\n<\/div>\n<div>\n<div>\n<div>\n<p><span><time datetime=\"2022-05-21T02:06:03-03:00\">21 de mayo de 2022 &#8211; 02:06<\/time><\/span><\/p>\n<\/div>\n<\/div>\n<div>\n<div>\n<div>\n<figure>\n<figure><img title=\"casino\" alt=\"casino \" src=\"https:\/\/images.pagina12.com.ar\/styles\/focal_3_2_960x640\/public\/2022-05\/530390-2-a.jpg?itok=R7gTEuh_\"><\/figure>\n<\/figure>\n<\/div>\n<\/div>\n<\/div>\n<\/div>\n<div>\n<div>\n<div>\n<p>La inflaci&oacute;n y en particular el precio de los alimentos empieza a ganar espacio central en la discusi&oacute;n sobre la pol&iacute;tica econ&oacute;mica oficial. El presidente de la Naci&oacute;n, Alberto Fern&aacute;ndez, hizo menci&oacute;n en varios pasajes de la entrevista radial que dio este viernes por la ma&ntilde;ana al tema, incluso con una alusi&oacute;n a las retenciones a las exportaciones que gener&oacute; controversias. <b>Desde el Ministerio de Agricultura y Ganader&iacute;a se trabaja aceleradamente para la puesta en marcha del Plan de Desarrrollo Agroindustrial y Agroalimentario<\/b>, para revertir la concentraci&oacute;n agraria y darle espacio al crecimiento en escala y competitividad a la producci&oacute;n de alimentos a trav&eacute;s del sistema cooperativo. A su vez, la provincia de <b>La Rioja busc&oacute; darle visibilidad al modelo productivo para la soberan&iacute;a alimentaria que aplica en su territorio, basado en la existencia de 36 empresas p&uacute;blicas que le dan impulso al desarrollo territorial y la inclusi&oacute;n social<\/b>. Y habr&aacute; m&aacute;s novedades en los pr&oacute;ximos d&iacute;as, anuncian desde bunkers pol&iacute;ticos vinculados al gobierno.&nbsp;<\/p>\n<p>Es en ese marco que tambi&eacute;n debe verse la novedad del traspaso de la Secretar&iacute;a de Comercio Interior a la &oacute;rbita del Ministerio de Econom&iacute;a. Indudablemente, <b>el objetivo es darle otra din&aacute;mica al combate contra la inflaci&oacute;n, quiz&aacute;s dotando de instrumentos m&aacute;s efectivos a la Secretar&iacute;a que seguir&aacute; comandando Roberto Feletti<\/b>. Con ese cambio de enfoque, no deber&iacute;a sorprender una actitud m&aacute;s activa por parte del Estado en la cadena de producci&oacute;n, distribuci&oacute;n y comercializaci&oacute;n de alimentos, sacando del eje central a la pol&iacute;tica de acuerdos de precios con las corporaciones privadas que controlan esos eslabones.<\/p>\n<p>La mudanza de Comercio Interior al Palacio de Hacienda &#8211;en t&eacute;rminos institucionales, ya que al menos, por ahora, no habr&aacute; traslado f&iacute;sico de los despachos&#8211; re&uacute;ne a dos personalidades relevantes del equipo econ&oacute;mico, Mart&iacute;n Guzm&aacute;n y Roberto Feletti. <b>Las cr&oacute;nicas pol&iacute;ticas suelen colocarlos en bandos enfrentados, pero la relaci&oacute;n personal entre ambos es mucho m&aacute;s cercana de lo que reflejan esos comentarios<\/b>.&nbsp;<\/p>\n<p>Pese a que Feletti funcionalmente pertenec&iacute;a a la &oacute;rbita del ministro de Desarrollo Productivo, Mat&iacute;as Kulfas, han sido frecuentes sus visitas al despacho del titular de Econom&iacute;a y m&aacute;s aun las consultas telef&oacute;nicas. Feletti lleva una frondosa carga de experiencia por haber desempe&ntilde;ado cargos clave. Viceministro de Econom&iacute;a con Amado Boudou, luego diputado nacional y, como tal, titular de la Comisi&oacute;n de Presupuesto y Hacienda, y de la Bicameral Investigadora de cuentas en el exterior, por citar s&oacute;lo los cargos m&aacute;s relevantes que ocup&oacute;. Mart&iacute;n Guzm&aacute;n, a su vez, adem&aacute;s de una aquilatada experiencia acad&eacute;mica y casi 30 duros meses como ministro, goza de la plena confianza del Presidente.&nbsp;<\/p>\n<p>Cada uno tiene las cualidades pol&iacute;ticas que el otro no posee. Tendr&aacute;n la oportunidad de compatiblizarlas y sumarlas.&nbsp;<\/p>\n<h2>Casino Los objetivos de Guzm&aacute;n para 2022<\/h2>\n<p>El planteo que suele hacer Guzm&aacute;n puertas adentro es que la prioridad de la pol&iacute;tica econ&oacute;mica, este a&ntilde;o, se resume en <b>consolidar la recuperaci&oacute;n productiva, seguir impulsando la creaci&oacute;n de empleo, fortalecer el alza de las exportaciones y generar condiciones para una estabilidad consistente en el valor del d&oacute;lar<\/b>.&nbsp;<\/p>\n<p>De acuerdo a la evaluaci&oacute;n del ministro y su equipo, los tres primeros objetivos se vienen cumpliendo bastante bien desde principios de a&ntilde;o, y el cuarto, relativamente. Pero los acontecimientos internacionales alteraron ese sendero y trastocaron los resultados del primer trimestre, con fuerte impacto sobre la inflaci&oacute;n y generando tambi&eacute;n alta incertidumbre en el sector externo. La ca&iacute;da de ingresos de sectores medios y bajos no alcanza a ser compensada con los paliativos definidos, ante el ritmo desenfrenado que adquiri&oacute; la trepada inflacionaria de estos meses.<\/p>\n<p>Guzm&aacute;n insiste ante los suyos en que &#8220;mientras haya incertidumbre externa, no vamos a poder frenar la inflaci&oacute;n&#8221;, lo cual justifica la prioridad que le otorga a poder alcanzar y sostener la tranquilidad cambiaria.<\/p>\n<p>&#8220;El cumplimiento de las metas con el FMI (emisi&oacute;n monetaria y d&eacute;ficit fiscal) no son para el ministro lo prioritario&#8221;, aseguran cerca de Guzm&aacute;n. La acumulaci&oacute;n de reservas internacionales en el Banco Central s&iacute;, porque es uno de los pilares con que espera contar para lograr la estabilidad cambiaria.<\/p>\n<p>Pero las condiciones macroecon&oacute;micas que Guzm&aacute;n ans&iacute;a tener para &#8220;tranquilizar la econom&iacute;a&#8221;, no se compadecen con las urgencias del momento. Frente a la suba incesante de precios, principalmente de los m&aacute;s b&aacute;sicos, como los alimentos, se necesitan medidas y pol&iacute;ticas que le pongan un freno, de alg&uacute;n modo. Esa escalada es principalmente promovida por grupos concentrados, con control sobre insumos b&aacute;sicos difundidos para toda la estructura productiva, y sobre bienes de consumo que se comercializan en mercados monop&oacute;licos.&nbsp;<\/p>\n<h2>Casino Lo que se espera de Feletti<\/h2>\n<p>Aqu&iacute; es donde Feletti puede hacer un aporte importante en materia de respuestas microecon&oacute;micas.&nbsp;<\/p>\n<p>El secretario de Comercio Interior le puso su impronta a la discusi&oacute;n sobre precios cuando, el 23 de marzo &uacute;ltimo, present&oacute; en conferencia de prensa &#8220;el ranking de las empresas que m&aacute;s aumentaron&#8221; precios que deb&iacute;an estar bajo la regulaci&oacute;n de Precios Cuidados. Enumer&oacute; a las que incumpl&iacute;an con precios pero tambi&eacute;n con el compromiso de abastecimiento.&nbsp;<\/p>\n<p>Y calific&oacute; a los aumentos de precios registrados en esas tres primeras semanas de marzo como &#8220;ataques especulativos infundados, no tolerables, porque son contra los argentinos&#8221;. &#8220;A diferencia de 2018 o 2019, hoy presentan ganancias importantes. &iexcl;Y est&aacute; bien! Nadie le pide a las grandes empresas que pierdan plata, pedimos el cumplimiento de Precios Cuidados y que no haya, por fuera de &eacute;stos, ataques especulativos&#8221;.&nbsp;<\/p>\n<p>Aquellas definiciones parecieron marcar un parteaguas en la pol&iacute;tica de precios del gobierno, que por primera vez se&ntilde;alaba con nombre y raz&oacute;n social a los responsables de los aumentos y, puntualmente, de un ataque especulativo. Sin embargo, esa instancia intent&oacute; superarse, una vez m&aacute;s, con el dise&ntilde;o de nuevas canastas de productos, algunos cambios en el listado y promesas de extender la regulaci&oacute;n a todo el pa&iacute;s que no se cumpli&oacute;. La frustraci&oacute;n volvi&oacute; a dejar al desnudo la falta de herramientas de la Secretar&iacute;a de Comercio para ejercer un control m&aacute;s efectivo, que obligara a los controlados a que cumplieran sus compromisos.&nbsp;<\/p>\n<p>&iquest;Tendr&aacute; Feletti con Guzm&aacute;n, los instrumentos que no tuvo bajo la &oacute;rbita de Mat&iacute;as Kulfas? La pregunta la responder&aacute;n las pol&iacute;ticas que se exhiban en los pr&oacute;ximos meses, o semanas. Por lo pronto, hay una coincidencia b&aacute;sica en el pensamiento econ&oacute;mico y pol&iacute;tico de ambos funcionarios: se necesita m&aacute;s Estado, y no menos, para resolver los problemas de la econom&iacute;a y orientarla hacia un modelo de crecimiento sostenido y que asegure distribuci&oacute;n e inclusi&oacute;n social. Y la presencia de ese Estado, para lograr la motivaci&oacute;n pol&iacute;tica necesaria, deber&aacute; ser visible para la poblaci&oacute;n y sentida por los controlados.&nbsp;<\/p>\n<\/div>\n<\/div>\n<\/div>\n<p><a href=\"https:\/\/www.pagina12.com.ar\/423159-cambio-de-escenario-para-la-puja-de-precios\" class=\"button purchase\" rel=\"nofollow noopener\" target=\"_blank\">Lee mas<\/a><\/p>\n","protected":false},"excerpt":{"rendered":"<p>Los 4 objetivos de Mart\u00edn Guzm\u00e1nLas nuevas apuestas del Gobierno para poner un freno al precio de los alimentos. El plan para el agro, los planes de Econom\u00eda para 2022 y lo que se espera de la Secretar\u00eda de Feletti. Los formadores de precios en la mira y la b\u00fasqueda de nuevas herramientas para controlarlos.21&hellip;<\/p>\n","protected":false},"author":2,"featured_media":225,"comment_status":"closed","ping_status":"closed","sticky":false,"template":"","format":"standard","meta":{"site-sidebar-layout":"default","site-content-layout":"default","ast-main-header-display":"","ast-hfb-above-header-display":"","ast-hfb-below-header-display":"","ast-hfb-mobile-header-display":"","site-post-title":"","ast-breadcrumbs-content":"","ast-featured-img":"","footer-sml-layout":"","theme-transparent-header-meta":"","adv-header-id-meta":"","stick-header-meta":"","header-above-stick-meta":"","header-main-stick-meta":"","header-below-stick-meta":""},"categories":[88],"tags":[162,163],"_links":{"self":[{"href":"https:\/\/www.mayapalace.mx\/blog\/wp-json\/wp\/v2\/posts\/271"}],"collection":[{"href":"https:\/\/www.mayapalace.mx\/blog\/wp-json\/wp\/v2\/posts"}],"about":[{"href":"https:\/\/www.mayapalace.mx\/blog\/wp-json\/wp\/v2\/types\/post"}],"author":[{"embeddable":true,"href":"https:\/\/www.mayapalace.mx\/blog\/wp-json\/wp\/v2\/users\/2"}],"replies":[{"embeddable":true,"href":"https:\/\/www.mayapalace.mx\/blog\/wp-json\/wp\/v2\/comments?post=271"}],"version-history":[{"count":0,"href":"https:\/\/www.mayapalace.mx\/blog\/wp-json\/wp\/v2\/posts\/271\/revisions"}],"wp:featuredmedia":[{"embeddable":true,"href":"https:\/\/www.mayapalace.mx\/blog\/wp-json\/wp\/v2\/media\/225"}],"wp:attachment":[{"href":"https:\/\/www.mayapalace.mx\/blog\/wp-json\/wp\/v2\/media?parent=271"}],"wp:term":[{"taxonomy":"category","embeddable":true,"href":"https:\/\/www.mayapalace.mx\/blog\/wp-json\/wp\/v2\/categories?post=271"},{"taxonomy":"post_tag","embeddable":true,"href":"https:\/\/www.mayapalace.mx\/blog\/wp-json\/wp\/v2\/tags?post=271"}],"curies":[{"name":"wp","href":"https:\/\/api.w.org\/{rel}","templated":true}]}}